{"id":5495,"date":"2025-04-08T12:14:40","date_gmt":"2025-04-08T10:14:40","guid":{"rendered":"http:\/\/frmf.untz.ba\/web\/?p=5495"},"modified":"2025-04-08T21:46:31","modified_gmt":"2025-04-08T19:46:31","slug":"12-simpozij-magistara-farmacije-tuzlanskog-kantona","status":"publish","type":"post","link":"http:\/\/frmf.untz.ba\/web\/bs\/2025\/04\/08\/12-simpozij-magistara-farmacije-tuzlanskog-kantona\/","title":{"rendered":"12. Simpozij magistara farmacije Tuzlanskog kantona"},"content":{"rendered":"\n\n\n<p>12. Simpozij magistara farmacije Tuzlanskog kantona odr\u017ean je 05.04.2025. godine u Hotelu Salis u Tuzli.\u00a0Na simpoziju su predstavljeni stru\u010dni i nau\u010dni radovi iz oblasti farmacije, biomedicine, nutricionizma i akademske zajednice, koji su u\u010desnicima pru\u017eili uvid u aktuelnosti i inovacije u farmaceutskoj djelatnosti, kako u Bosni i Hercegovini, tako i u inostranstvu.<br \/><br \/>Na ovom skupu, prisutne je pozdravila i obratila se dekanesa Farmaceutskog fakulteta, vanr.prof. dr.sci. Nahida Srabovi\u0107.<br \/>Stru\u010dno predavanje je odr\u017eala i\u00a0doc.dr.sci.\u00a0Amra D\u017eambi\u0107, sa UNO Farmaceutska hemija na na\u0161em fakultetu, na temu\u00a0&#8220;Sinteza, strukturna karakterizacija i biolo\u0161ka aktivnost tetraketona&#8221;.<\/p>\n<p>Stru\u010dno predavanje je odr\u017eala i na\u0161a alumnistica, studentica III ciklusa studija mr.ph. Enisa Red\u017ei\u0107 na temu &#8220;Profesionalna oboljenja u farmaciji&#8221;.<br \/><br \/>Posebno isti\u010demo u\u010de\u0161\u0107e na\u0161ih studenata, koji su pokazali veliki interes i odziv, te iskoristili ovu priliku za unapre\u0111enje svog znanja i stru\u010dnog razvoja.<\/p>\n<p><img decoding=\"async\" loading=\"lazy\" class=\"aligncenter size-large wp-image-5498\" src=\"http:\/\/frmf.untz.ba\/web\/wp-content\/uploads\/2025\/04\/frmf1-1024x819.png\" alt=\"\" width=\"771\" height=\"617\" srcset=\"http:\/\/frmf.untz.ba\/web\/wp-content\/uploads\/2025\/04\/frmf1-1024x819.png 1024w, http:\/\/frmf.untz.ba\/web\/wp-content\/uploads\/2025\/04\/frmf1-300x240.png 300w, http:\/\/frmf.untz.ba\/web\/wp-content\/uploads\/2025\/04\/frmf1-768x614.png 768w, http:\/\/frmf.untz.ba\/web\/wp-content\/uploads\/2025\/04\/frmf1-1536x1229.png 1536w, http:\/\/frmf.untz.ba\/web\/wp-content\/uploads\/2025\/04\/frmf1-375x300.png 375w, http:\/\/frmf.untz.ba\/web\/wp-content\/uploads\/2025\/04\/frmf1.png 2000w\" sizes=\"(max-width: 771px) 100vw, 771px\" \/><\/p>\n<p><img decoding=\"async\" loading=\"lazy\" class=\"aligncenter size-large wp-image-5499\" src=\"http:\/\/frmf.untz.ba\/web\/wp-content\/uploads\/2025\/04\/frmf2-1-682x1024.png\" alt=\"\" width=\"682\" height=\"1024\" srcset=\"http:\/\/frmf.untz.ba\/web\/wp-content\/uploads\/2025\/04\/frmf2-1-682x1024.png 682w, http:\/\/frmf.untz.ba\/web\/wp-content\/uploads\/2025\/04\/frmf2-1-200x300.png 200w, http:\/\/frmf.untz.ba\/web\/wp-content\/uploads\/2025\/04\/frmf2-1-768x1152.png 768w, http:\/\/frmf.untz.ba\/web\/wp-content\/uploads\/2025\/04\/frmf2-1-1024x1536.png 1024w, http:\/\/frmf.untz.ba\/web\/wp-content\/uploads\/2025\/04\/frmf2-1.png 1333w\" sizes=\"(max-width: 682px) 100vw, 682px\" \/><\/p>\n<p><img decoding=\"async\" loading=\"lazy\" class=\"aligncenter size-large wp-image-5497\" src=\"http:\/\/frmf.untz.ba\/web\/wp-content\/uploads\/2025\/04\/frmf4-682x1024.png\" alt=\"\" width=\"682\" height=\"1024\" srcset=\"http:\/\/frmf.untz.ba\/web\/wp-content\/uploads\/2025\/04\/frmf4-682x1024.png 682w, http:\/\/frmf.untz.ba\/web\/wp-content\/uploads\/2025\/04\/frmf4-200x300.png 200w, http:\/\/frmf.untz.ba\/web\/wp-content\/uploads\/2025\/04\/frmf4-768x1152.png 768w, http:\/\/frmf.untz.ba\/web\/wp-content\/uploads\/2025\/04\/frmf4-1024x1536.png 1024w, http:\/\/frmf.untz.ba\/web\/wp-content\/uploads\/2025\/04\/frmf4.png 1333w\" sizes=\"(max-width: 682px) 100vw, 682px\" \/><br \/>Studenti Farmaceutskog fakulteta Univerziteta u Tuzli u\u010destvovali su i sa poster prezentacijom na temu &#8220;Antioxidant potential of pomegranate peel extract in hyperpigmentation therapy&#8221;. Autori postera bili su: Emina Ahmetovi\u0107, Laura Divkovi\u0107, Samir \u0106uri\u0107, Belkisa Djedovi\u0107, Ajla D\u017eafi\u0107, Amina Hasiki\u0107, Sumea Hau\u0161i\u0107 i Hedija Star\u010devi\u0107, pod mentorstvom odgovornih nastavnika, doc.dr.sci Merime Ibi\u0161evi\u0107 (UNO Farmaceutska tehnologija) i doc.dr.sci. Maide \u0160ljivi\u0107 Husejnovi\u0107 (UNO Farmaceutska analitika).<br \/><br \/>Zahvaljujemo se organizatorima, predava\u010dima i svim u\u010desnicima koji su svojim anga\u017emanom doprinijeli uspje\u0161noj realizaciji ovog zna\u010dajnog stru\u010dnog skupa.<\/p>\n","protected":false},"excerpt":{"rendered":"<p>12. Simpozij magistara farmacije Tuzlanskog kantona odr\u017ean je 05.04.2025. godine u Hotelu Salis u Tuzli.\u00a0Na simpoziju su predstavljeni stru\u010dni i nau\u010dni radovi iz oblasti farmacije, biomedicine, nutricionizma i akademske zajednice, koji su u\u010desnicima pru\u017eili uvid u aktuelnosti i inovacije u farmaceutskoj djelatnosti, kako u Bosni i Hercegovini, tako i u inostranstvu. Na ovom skupu, prisutne [&hellip;]<\/p>\n","protected":false},"author":20,"featured_media":0,"comment_status":"closed","ping_status":"closed","sticky":false,"template":"","format":"standard","meta":[],"categories":[9,16,18,1,28],"tags":[],"_links":{"self":[{"href":"http:\/\/frmf.untz.ba\/web\/wp-json\/wp\/v2\/posts\/5495"}],"collection":[{"href":"http:\/\/frmf.untz.ba\/web\/wp-json\/wp\/v2\/posts"}],"about":[{"href":"http:\/\/frmf.untz.ba\/web\/wp-json\/wp\/v2\/types\/post"}],"author":[{"embeddable":true,"href":"http:\/\/frmf.untz.ba\/web\/wp-json\/wp\/v2\/users\/20"}],"replies":[{"embeddable":true,"href":"http:\/\/frmf.untz.ba\/web\/wp-json\/wp\/v2\/comments?post=5495"}],"version-history":[{"count":3,"href":"http:\/\/frmf.untz.ba\/web\/wp-json\/wp\/v2\/posts\/5495\/revisions"}],"predecessor-version":[{"id":5504,"href":"http:\/\/frmf.untz.ba\/web\/wp-json\/wp\/v2\/posts\/5495\/revisions\/5504"}],"wp:attachment":[{"href":"http:\/\/frmf.untz.ba\/web\/wp-json\/wp\/v2\/media?parent=5495"}],"wp:term":[{"taxonomy":"category","embeddable":true,"href":"http:\/\/frmf.untz.ba\/web\/wp-json\/wp\/v2\/categories?post=5495"},{"taxonomy":"post_tag","embeddable":true,"href":"http:\/\/frmf.untz.ba\/web\/wp-json\/wp\/v2\/tags?post=5495"}],"curies":[{"name":"wp","href":"https:\/\/api.w.org\/{rel}","templated":true}]}}