{"id":2921,"date":"2023-02-23T10:32:49","date_gmt":"2023-02-23T09:32:49","guid":{"rendered":"http:\/\/frmf.untz.ba\/web\/?p=2921"},"modified":"2023-03-02T12:16:40","modified_gmt":"2023-03-02T11:16:40","slug":"raspored-predavanja-na-kolegiju-farmaceutska-tehnologija-i-biofarmacija","status":"publish","type":"post","link":"http:\/\/frmf.untz.ba\/web\/bs\/2023\/02\/23\/raspored-predavanja-na-kolegiju-farmaceutska-tehnologija-i-biofarmacija\/","title":{"rendered":"RASPORED PREDAVANJA NA KOLEGIJU \u201eFARMACEUTSKA TEHNOLOGIJA I BIOFARMACIJA\u201c"},"content":{"rendered":"<p style=\"text-align: center\">RASPORED PREDAVANJA NA KOLEGIJU \u201eFARMACEUTSKA TEHNOLOGIJA I BIOFARMACIJA\u201c U AKADEMSKOJ 2022\/23. ZA STUDENTE III CIKLUSA STUDIJA<\/p>\n<p style=\"text-align: center\">(2\/0\/0)<\/p>\n<p style=\"text-align: center\">\n<table class=\" aligncenter\" width=\"614\">\n<tbody>\n<tr>\n<td width=\"240\"><strong>NASTAVNIK<\/strong><\/td>\n<td width=\"108\"><strong>BROJ KONTAKT SATI<\/strong><\/td>\n<td width=\"133\"><strong>DATUM I VRIJEME<\/strong><\/td>\n<td width=\"133\"><strong>MJESTO<\/strong><\/td>\n<\/tr>\n<tr>\n<td width=\"240\"><strong>Dr.sc. Merima Ibi\u0161evi\u0107, doc.<\/strong><\/td>\n<td width=\"108\"><strong>3<\/strong><\/td>\n<td width=\"133\"><strong>07.03.2023.<\/strong><\/p>\n<p><strong>16:30-19:00<\/strong><\/td>\n<td width=\"133\"><strong>Sala 8<\/strong><\/p>\n<p><strong>Tehnolo\u0161ki fakultet<\/strong><\/td>\n<\/tr>\n<tr>\n<td width=\"240\"><strong>Dr.sc. Merima Ibi\u0161evi\u0107, doc.<\/strong><\/td>\n<td width=\"108\"><strong>3<\/strong><\/td>\n<td width=\"133\"><strong>09.05.2023.<\/strong><\/p>\n<p><strong>16:30-19:00<\/strong><\/td>\n<td width=\"133\"><strong>Sala 8<\/strong><\/p>\n<p><strong>Tehnolo\u0161ki fakultet<\/strong><\/td>\n<\/tr>\n<tr>\n<td width=\"240\"><strong>Dr.sc. Ermina Cilovi\u0107 Kozarevi\u0107, doc.<\/strong><\/td>\n<td width=\"108\"><strong>3<\/strong><\/td>\n<td width=\"133\"><strong>08.04.2023.<\/strong><\/p>\n<p><strong>10:00-12:30<\/strong><\/td>\n<td width=\"133\"><strong>Sala 8<\/strong><\/p>\n<p><strong>Tehnolo\u0161ki fakultet<\/strong><\/td>\n<\/tr>\n<tr>\n<td width=\"240\"><strong>Dr.sc. Sa\u0161a Pilipovi\u0107, vanr.prof.<\/strong><\/td>\n<td width=\"108\"><strong>3<\/strong><\/td>\n<td width=\"133\"><strong>01.04.2023.<\/strong><\/p>\n<p><strong>09:00-12:30<\/strong><\/td>\n<td width=\"133\"><strong>Sala 8<\/strong><\/p>\n<p><strong>Tehnolo\u0161ki fakultet<\/strong><\/td>\n<\/tr>\n<tr>\n<td width=\"240\"><strong>Dr.sc. Alija Uzunovi\u0107, vanr.prof.<\/strong><\/td>\n<td width=\"108\"><strong>3<\/strong><\/td>\n<td width=\"133\"><strong>29.04.2023.<\/strong><\/p>\n<p><strong>09:00-12:30<\/strong><\/td>\n<td width=\"133\"><strong>Sala 8<\/strong><\/p>\n<p><strong>Tehnolo\u0161ki fakultet<\/strong><\/td>\n<\/tr>\n<tr>\n<td width=\"240\"><strong>Dr.sc. Alisa Elezovi\u0107, vanr.prof.<\/strong><\/td>\n<td width=\"108\"><strong>3<\/strong><\/td>\n<td width=\"133\"><strong>15.04.2023.<\/strong><\/p>\n<p><strong>12:30-15:00<\/strong><\/td>\n<td width=\"133\"><strong>Sala 8<\/strong><\/p>\n<p><strong>Tehnolo\u0161ki fakultet<\/strong><\/td>\n<\/tr>\n<tr>\n<td width=\"240\"><strong>Dr.sc. Amra D\u017eambi\u0107, doc.<\/strong><\/td>\n<td width=\"108\"><strong>3<\/strong><\/td>\n<td width=\"133\"><strong>21.03.2023.<\/strong><\/p>\n<p><strong>16:30-19:00<\/strong><\/td>\n<td width=\"133\"><strong>Sala 8<\/strong><\/p>\n<p><strong>Tehnolo\u0161ki fakultet<\/strong><\/td>\n<\/tr>\n<tr>\n<td width=\"240\"><strong>Dr.sc. An\u0111elka Ra\u010di\u0107, doc.<\/strong><\/td>\n<td width=\"108\"><strong>3<\/strong><\/td>\n<td width=\"133\"><strong>18.03.2023.<\/strong><\/p>\n<p><strong>13:00-15:30<\/strong><\/td>\n<td width=\"133\"><strong>Sala 8<\/strong><\/p>\n<p><strong>Tehnolo\u0161ki fakultet<\/strong><\/td>\n<\/tr>\n<tr>\n<td width=\"240\"><strong>Dr.sc. Nata\u0161a Bubi\u0107 Paji\u0107, doc.<\/strong><\/td>\n<td width=\"108\"><strong>3<\/strong><\/td>\n<td width=\"133\"><strong>27.05.2023.<\/strong><\/p>\n<p><strong>13:00-15:30<\/strong><\/td>\n<td width=\"133\"><strong>Sala 8<\/strong><\/p>\n<p><strong>Tehnolo\u0161ki fakultet<\/strong><\/td>\n<\/tr>\n<\/tbody>\n<\/table>\n<p style=\"text-align: center\">\n<p style=\"text-align: center\"><strong>Napomena: <\/strong>\u00a0U slu\u010daju izmjena termina ili lokacije odr\u017eavanja predavanja studenti \u0107e biti blagovremeno obavije\u0161teni.<\/p>\n<p style=\"text-align: center\">\n","protected":false},"excerpt":{"rendered":"<p>RASPORED PREDAVANJA NA KOLEGIJU \u201eFARMACEUTSKA TEHNOLOGIJA I BIOFARMACIJA\u201c U AKADEMSKOJ 2022\/23. ZA STUDENTE III CIKLUSA STUDIJA (2\/0\/0) NASTAVNIK BROJ KONTAKT SATI DATUM I VRIJEME MJESTO Dr.sc. Merima Ibi\u0161evi\u0107, doc. 3 07.03.2023. 16:30-19:00 Sala 8 Tehnolo\u0161ki fakultet Dr.sc. Merima Ibi\u0161evi\u0107, doc. 3 09.05.2023. 16:30-19:00 Sala 8 Tehnolo\u0161ki fakultet Dr.sc. Ermina Cilovi\u0107 Kozarevi\u0107, doc. 3 08.04.2023. 10:00-12:30 [&hellip;]<\/p>\n","protected":false},"author":4,"featured_media":0,"comment_status":"closed","ping_status":"closed","sticky":false,"template":"","format":"standard","meta":[],"categories":[9,23],"tags":[],"_links":{"self":[{"href":"http:\/\/frmf.untz.ba\/web\/wp-json\/wp\/v2\/posts\/2921"}],"collection":[{"href":"http:\/\/frmf.untz.ba\/web\/wp-json\/wp\/v2\/posts"}],"about":[{"href":"http:\/\/frmf.untz.ba\/web\/wp-json\/wp\/v2\/types\/post"}],"author":[{"embeddable":true,"href":"http:\/\/frmf.untz.ba\/web\/wp-json\/wp\/v2\/users\/4"}],"replies":[{"embeddable":true,"href":"http:\/\/frmf.untz.ba\/web\/wp-json\/wp\/v2\/comments?post=2921"}],"version-history":[{"count":3,"href":"http:\/\/frmf.untz.ba\/web\/wp-json\/wp\/v2\/posts\/2921\/revisions"}],"predecessor-version":[{"id":2947,"href":"http:\/\/frmf.untz.ba\/web\/wp-json\/wp\/v2\/posts\/2921\/revisions\/2947"}],"wp:attachment":[{"href":"http:\/\/frmf.untz.ba\/web\/wp-json\/wp\/v2\/media?parent=2921"}],"wp:term":[{"taxonomy":"category","embeddable":true,"href":"http:\/\/frmf.untz.ba\/web\/wp-json\/wp\/v2\/categories?post=2921"},{"taxonomy":"post_tag","embeddable":true,"href":"http:\/\/frmf.untz.ba\/web\/wp-json\/wp\/v2\/tags?post=2921"}],"curies":[{"name":"wp","href":"https:\/\/api.w.org\/{rel}","templated":true}]}}