{"id":2846,"date":"2023-01-19T14:13:11","date_gmt":"2023-01-19T13:13:11","guid":{"rendered":"http:\/\/frmf.untz.ba\/web\/?p=2846"},"modified":"2024-11-08T09:15:20","modified_gmt":"2024-11-08T08:15:20","slug":"odbrana-projekta-doktorske-disertacije-mr-ph-nine-delic","status":"publish","type":"post","link":"http:\/\/frmf.untz.ba\/web\/bs\/2023\/01\/19\/odbrana-projekta-doktorske-disertacije-mr-ph-nine-delic\/","title":{"rendered":"Odbrana projekta doktorske disertacije mr.ph. Nine Deli\u0107"},"content":{"rendered":"<p><strong>UNIVERZITET U TUZLI<\/strong><\/p>\n<p><strong>FARMACEUTSKI FAKULTET<\/strong><\/p>\n<p>Tuzla, 18.01.2023. godina<\/p>\n<p>Na osnovu \u010dlana 26. \u00a0Pravilnika o tre\u0107em ciklusu-doktorskom studiju na Univerzitetu u Tuzli<\/p>\n<p><strong>\u00a0 \u00a0 \u00a0 \u00a0 \u00a0 \u00a0 \u00a0 \u00a0 \u00a0 \u00a0 \u00a0 \u00a0 \u00a0 \u00a0 \u00a0 \u00a0 \u00a0 \u00a0 \u00a0 \u00a0 \u00a0 \u00a0 \u00a0 \u00a0 \u00a0 \u00a0 \u00a0 \u00a0 \u00a0 \u00a0 \u00a0 \u00a0 \u00a0 \u00a0 \u00a0 \u00a0 \u00a0 \u00a0 \u00a0 \u00a0 O B J A V L J U J E<\/strong><\/p>\n<p><strong>\u00a0<\/strong><\/p>\n<p>Mr. ph. Nina Deli\u0107\u00a0javno \u0107e braniti projekat doktorske disertacije, pod naslovom<\/p>\n<p><em>\u201e<strong>Farmakognozijska analiza biljnih vrsta A. vulgaris L. i A. annua L. sa podru\u010dja Bosne i Hercegovine i ispitivanje njihovog antimikrobnog i citotoksi\u010dnog dejstva<\/strong>\u201c<\/em><\/p>\n<p><strong>u ponedjeljak 23.01.2023. godine u Sali za sjednice (dekanat) Farmaceutskog fakulteta Univerziteta u Tuzli sa po\u010detkom u 11 sati.<\/strong><\/p>\n<p>pred Komisijom u sastavu:<\/p>\n<ol>\n<li>dr. sci. Ermina Cilovi\u0107 Kozarevi\u0107, docent, u\u017ea nau\u010dna oblast \u201eFarmakognozija\u201c Farmaceutski fakultet Univerziteta u Tuzli, predsjednik;<\/li>\n<li>dr. sci. Broza \u0160ari\u0107 Kundali\u0107,vanredni profesor, u\u017ea nau\u010dna oblast \u201eFarmakognozija\u201c Farmaceutski fakultet Univerziteta u Tuzli, \u010dlan;<\/li>\n<li>dr. sci. Adaleta Softi\u0107, vanredni profesor, u\u017ea nau\u010dna oblast \u201eBiohemija\u201c Farmaceutski fakultet Univerziteta u Tuzli, \u010dlan.<\/li>\n<\/ol>\n<p>Pristup javnosti je slobodan.<\/p>\n","protected":false},"excerpt":{"rendered":"<p>UNIVERZITET U TUZLI FARMACEUTSKI FAKULTET Tuzla, 18.01.2023. godina Na osnovu \u010dlana 26. \u00a0Pravilnika o tre\u0107em ciklusu-doktorskom studiju na Univerzitetu u Tuzli \u00a0 \u00a0 \u00a0 \u00a0 \u00a0 \u00a0 \u00a0 \u00a0 \u00a0 \u00a0 \u00a0 \u00a0 \u00a0 \u00a0 \u00a0 \u00a0 \u00a0 \u00a0 \u00a0 \u00a0 \u00a0 \u00a0 \u00a0 \u00a0 \u00a0 \u00a0 \u00a0 \u00a0 \u00a0 \u00a0 \u00a0 \u00a0 \u00a0 \u00a0 [&hellip;]<\/p>\n","protected":false},"author":3,"featured_media":0,"comment_status":"closed","ping_status":"closed","sticky":false,"template":"","format":"standard","meta":[],"categories":[46,23],"tags":[],"_links":{"self":[{"href":"http:\/\/frmf.untz.ba\/web\/wp-json\/wp\/v2\/posts\/2846"}],"collection":[{"href":"http:\/\/frmf.untz.ba\/web\/wp-json\/wp\/v2\/posts"}],"about":[{"href":"http:\/\/frmf.untz.ba\/web\/wp-json\/wp\/v2\/types\/post"}],"author":[{"embeddable":true,"href":"http:\/\/frmf.untz.ba\/web\/wp-json\/wp\/v2\/users\/3"}],"replies":[{"embeddable":true,"href":"http:\/\/frmf.untz.ba\/web\/wp-json\/wp\/v2\/comments?post=2846"}],"version-history":[{"count":3,"href":"http:\/\/frmf.untz.ba\/web\/wp-json\/wp\/v2\/posts\/2846\/revisions"}],"predecessor-version":[{"id":4766,"href":"http:\/\/frmf.untz.ba\/web\/wp-json\/wp\/v2\/posts\/2846\/revisions\/4766"}],"wp:attachment":[{"href":"http:\/\/frmf.untz.ba\/web\/wp-json\/wp\/v2\/media?parent=2846"}],"wp:term":[{"taxonomy":"category","embeddable":true,"href":"http:\/\/frmf.untz.ba\/web\/wp-json\/wp\/v2\/categories?post=2846"},{"taxonomy":"post_tag","embeddable":true,"href":"http:\/\/frmf.untz.ba\/web\/wp-json\/wp\/v2\/tags?post=2846"}],"curies":[{"name":"wp","href":"https:\/\/api.w.org\/{rel}","templated":true}]}}