{"id":1895,"date":"2021-10-06T08:55:21","date_gmt":"2021-10-06T06:55:21","guid":{"rendered":"http:\/\/frmf.untz.ba\/web\/?p=1895"},"modified":"2021-10-15T10:03:55","modified_gmt":"2021-10-15T08:03:55","slug":"prijem-brucosa-na-farmaceutskom-fakultetu","status":"publish","type":"post","link":"http:\/\/frmf.untz.ba\/web\/bs\/2021\/10\/06\/prijem-brucosa-na-farmaceutskom-fakultetu\/","title":{"rendered":"Prijem bruco\u0161a na Farmaceutskom fakultetu"},"content":{"rendered":"<p style=\"text-align: justify\"><span style=\"font-size: 14pt\">Na Farmaceutskom fakultetu dana 04.10.2021. godine odr\u017ean je prijem bruco\u0161a za akademsku 2021\/22. godinu. <\/span><\/p>\n<p style=\"text-align: justify\"><span style=\"font-size: 14pt\">Studentima su se obratile i po\u017eeljele dobrodo\u0161licu Dekanica dr.sci. Adaleta Softi\u0107, vanr.prof, prodekanica za nastavu i studentska pitanja\u00a0dr.sci. Nahida Srabovi\u0107, vanr.prof i prodekanica za nau\u010dnoistra\u017eiva\u010dki rad\u00a0dr.sci. Aida Smajlovi\u0107, vanr.prof.<\/span><\/p>\n<p style=\"text-align: justify\">\u00a0 \u00a0 \u00a0 \u00a0 \u00a0 \u00a0 \u00a0 \u00a0 \u00a0 \u00a0 \u00a0<img decoding=\"async\" loading=\"lazy\" class=\"wp-image-1899 alignleft\" src=\"http:\/\/frmf.untz.ba\/web\/wp-content\/uploads\/2021\/10\/IMG-a42cec89a4cecd74c41ed9272e1511a6-V-300x225.jpg\" alt=\"\" width=\"360\" height=\"270\" srcset=\"http:\/\/frmf.untz.ba\/web\/wp-content\/uploads\/2021\/10\/IMG-a42cec89a4cecd74c41ed9272e1511a6-V-300x225.jpg 300w, http:\/\/frmf.untz.ba\/web\/wp-content\/uploads\/2021\/10\/IMG-a42cec89a4cecd74c41ed9272e1511a6-V-768x576.jpg 768w, http:\/\/frmf.untz.ba\/web\/wp-content\/uploads\/2021\/10\/IMG-a42cec89a4cecd74c41ed9272e1511a6-V-1024x768.jpg 1024w, http:\/\/frmf.untz.ba\/web\/wp-content\/uploads\/2021\/10\/IMG-a42cec89a4cecd74c41ed9272e1511a6-V-360x270.jpg 360w, http:\/\/frmf.untz.ba\/web\/wp-content\/uploads\/2021\/10\/IMG-a42cec89a4cecd74c41ed9272e1511a6-V.jpg 1600w\" sizes=\"(max-width: 360px) 100vw, 360px\" \/><img decoding=\"async\" loading=\"lazy\" class=\"alignnone wp-image-1897\" src=\"http:\/\/frmf.untz.ba\/web\/wp-content\/uploads\/2021\/10\/IMG-1710d6b9ab8352a1d084efdcb9f15229-V-300x224.jpg\" alt=\"\" width=\"363\" height=\"271\" \/><\/p>\n<p style=\"text-align: justify\"><img decoding=\"async\" loading=\"lazy\" class=\"size-medium wp-image-1896 aligncenter\" src=\"http:\/\/frmf.untz.ba\/web\/wp-content\/uploads\/2021\/10\/IMG-0c5e91619b9612c044dd777e0bf81bb6-V-225x300.jpg\" alt=\"\" width=\"225\" height=\"300\" srcset=\"http:\/\/frmf.untz.ba\/web\/wp-content\/uploads\/2021\/10\/IMG-0c5e91619b9612c044dd777e0bf81bb6-V-225x300.jpg 225w, http:\/\/frmf.untz.ba\/web\/wp-content\/uploads\/2021\/10\/IMG-0c5e91619b9612c044dd777e0bf81bb6-V-768x1024.jpg 768w, http:\/\/frmf.untz.ba\/web\/wp-content\/uploads\/2021\/10\/IMG-0c5e91619b9612c044dd777e0bf81bb6-V-203x270.jpg 203w, http:\/\/frmf.untz.ba\/web\/wp-content\/uploads\/2021\/10\/IMG-0c5e91619b9612c044dd777e0bf81bb6-V.jpg 1200w\" sizes=\"(max-width: 225px) 100vw, 225px\" \/><\/p>\n","protected":false},"excerpt":{"rendered":"<p>Na Farmaceutskom fakultetu dana 04.10.2021. godine odr\u017ean je prijem bruco\u0161a za akademsku 2021\/22. godinu. Studentima su se obratile i po\u017eeljele dobrodo\u0161licu Dekanica dr.sci. Adaleta Softi\u0107, vanr.prof, prodekanica za nastavu i studentska pitanja\u00a0dr.sci. Nahida Srabovi\u0107, vanr.prof i prodekanica za nau\u010dnoistra\u017eiva\u010dki rad\u00a0dr.sci. Aida Smajlovi\u0107, vanr.prof. \u00a0 \u00a0 \u00a0 \u00a0 \u00a0 \u00a0 \u00a0 \u00a0 \u00a0 \u00a0 \u00a0<\/p>\n","protected":false},"author":4,"featured_media":0,"comment_status":"closed","ping_status":"closed","sticky":false,"template":"","format":"standard","meta":[],"categories":[9,11],"tags":[],"_links":{"self":[{"href":"http:\/\/frmf.untz.ba\/web\/wp-json\/wp\/v2\/posts\/1895"}],"collection":[{"href":"http:\/\/frmf.untz.ba\/web\/wp-json\/wp\/v2\/posts"}],"about":[{"href":"http:\/\/frmf.untz.ba\/web\/wp-json\/wp\/v2\/types\/post"}],"author":[{"embeddable":true,"href":"http:\/\/frmf.untz.ba\/web\/wp-json\/wp\/v2\/users\/4"}],"replies":[{"embeddable":true,"href":"http:\/\/frmf.untz.ba\/web\/wp-json\/wp\/v2\/comments?post=1895"}],"version-history":[{"count":3,"href":"http:\/\/frmf.untz.ba\/web\/wp-json\/wp\/v2\/posts\/1895\/revisions"}],"predecessor-version":[{"id":1903,"href":"http:\/\/frmf.untz.ba\/web\/wp-json\/wp\/v2\/posts\/1895\/revisions\/1903"}],"wp:attachment":[{"href":"http:\/\/frmf.untz.ba\/web\/wp-json\/wp\/v2\/media?parent=1895"}],"wp:term":[{"taxonomy":"category","embeddable":true,"href":"http:\/\/frmf.untz.ba\/web\/wp-json\/wp\/v2\/categories?post=1895"},{"taxonomy":"post_tag","embeddable":true,"href":"http:\/\/frmf.untz.ba\/web\/wp-json\/wp\/v2\/tags?post=1895"}],"curies":[{"name":"wp","href":"https:\/\/api.w.org\/{rel}","templated":true}]}}